{"id":820,"date":"2016-06-12T15:18:04","date_gmt":"2016-06-12T15:18:04","guid":{"rendered":"http:\/\/www.genussfreundinnen.de\/?p=820"},"modified":"2016-06-12T15:28:43","modified_gmt":"2016-06-12T15:28:43","slug":"schwaebisches-aus-der-backstube-pfitzauf","status":"publish","type":"post","link":"https:\/\/genussfreundinnen.de\/?p=820","title":{"rendered":"Schw\u00e4bisches aus der Backstube &#8211; Pfitzauf"},"content":{"rendered":"<p>Pfitzauf, ein fast vergessener schw\u00e4bischer Klassiker. In Stuttgart hat sich der Sommer wieder gut versteckt, es regnet bereits den ganzen Tag- immerhin das ideale Wetter f\u00fcr Experimente in der K\u00fcche. Da wir gestern jedoch auf dem foodblogday in Frankfurt waren und niemand eingekauft hat, ist der K\u00fchlschrank ziemlich leer. F\u00fcr Pfitzauf reichen die Vorr\u00e4te meist. Braucht man doch nur Mehl, Milch, Eier und etwas Butter.<\/p>\n<p><img loading=\"lazy\" decoding=\"async\" class=\"size-large wp-image-810 aligncenter\" src=\"http:\/\/wp.genussfreundin.de\/wp-content\/uploads\/2016\/06\/DSC_6223SW_DxO-1024x686.jpg\" alt=\"DSC_6223SW_DxO\" width=\"640\" height=\"429\" srcset=\"https:\/\/genussfreundinnen.de\/wp-content\/uploads\/2016\/06\/DSC_6223SW_DxO-1024x686.jpg 1024w, https:\/\/genussfreundinnen.de\/wp-content\/uploads\/2016\/06\/DSC_6223SW_DxO-300x201.jpg 300w, https:\/\/genussfreundinnen.de\/wp-content\/uploads\/2016\/06\/DSC_6223SW_DxO-768x515.jpg 768w, https:\/\/genussfreundinnen.de\/wp-content\/uploads\/2016\/06\/DSC_6223SW_DxO-403x270.jpg 403w, https:\/\/genussfreundinnen.de\/wp-content\/uploads\/2016\/06\/DSC_6223SW_DxO.jpg 1600w\" sizes=\"auto, (max-width: 640px) 100vw, 640px\" \/><\/p>\n<p>Die typischen Pfitzauf Formen waren fr\u00fcher in jedem schw\u00e4bischen Haushalt zu finden. Heute sind Pfitzauf etwas aus der Mode gekommen und die Formen landen oft auf dem Flohmarkt. Aber auch in gut sortierten Haushaltswaren Gesch\u00e4ften kann man sie noch neu kaufen. Am h\u00e4ufigsten sind die Formen bei denen 6 Mulden miteinander verbunden sind, gebr\u00e4uchlich sind auch die 4er Formen. Der Pfitzaufteig erinnert etwas an Pfannkuchenteig. Der Teig ist geschmacksneutral, also weder gezuckert noch gesalzen. Nach dem Backen einfach mit Puderzucker bestreuen ist die ganz klassische Variante. Lecker schmecken sie auch mit Apfelmus, Kompott oder Marmelade. Doch auch herzhafte Varianten findet man h\u00e4ufig, entweder als Hauptgericht oder leckere Beilage. Wir haben heute etwas get\u00fcffelt und Heidelbeeren bereits dem Teig beigemischt und mitgebacken.<\/p>\n<p><img loading=\"lazy\" decoding=\"async\" class=\"size-large wp-image-819 aligncenter\" src=\"http:\/\/wp.genussfreundin.de\/wp-content\/uploads\/2016\/06\/DSC_6247SW_DxO-1024x685.jpg\" alt=\"DSC_6247SW_DxO\" width=\"640\" height=\"428\" srcset=\"https:\/\/genussfreundinnen.de\/wp-content\/uploads\/2016\/06\/DSC_6247SW_DxO-1024x685.jpg 1024w, https:\/\/genussfreundinnen.de\/wp-content\/uploads\/2016\/06\/DSC_6247SW_DxO-300x201.jpg 300w, https:\/\/genussfreundinnen.de\/wp-content\/uploads\/2016\/06\/DSC_6247SW_DxO-768x514.jpg 768w, https:\/\/genussfreundinnen.de\/wp-content\/uploads\/2016\/06\/DSC_6247SW_DxO-730x487.jpg 730w, https:\/\/genussfreundinnen.de\/wp-content\/uploads\/2016\/06\/DSC_6247SW_DxO-403x270.jpg 403w, https:\/\/genussfreundinnen.de\/wp-content\/uploads\/2016\/06\/DSC_6247SW_DxO.jpg 1600w\" sizes=\"auto, (max-width: 640px) 100vw, 640px\" \/><\/p>\n<p>F\u00fcr eine 4er Form gebt ihr <b>125g Mehl in eine R\u00fchrsch\u00fcssel. Dazu 2 Eier, 125ml Milch, 1 Prise Salz und 20g fl\u00fcssige Butter, alles gut verr\u00fchren. Etwa 50g Heidelbeeren (wenn TK dann gut abgetropft). Den Backofen auf 220 Grad vorheizen mit den leeren Formen. Hei\u00dfe Form herausnehmen und mit \u00d6l einfetten, jede Mulde zu 1\/3 mit Teig f\u00fcllen ein paar Heidelbeeren dazugeben, dann wieder Teig bis die Mulde ungef\u00e4hr zu 2\/3 gef\u00fcllt ist. Backofen auf 190 Grad herunterschalten und die Pfitzauf 40 Minuten backen. Ofen ausschalten und noch 5 Minuten im Ofen stehen lassen. T\u00fcre auf keinen Fall \u00f6ffnen!<\/b><\/p>\n<p>Aus <b>150g Heidelbeeren haben wir noch eine So\u00dfe gekocht. Heidelbeeren mit 50g Zucker aufkochen und p\u00fcrieren.<\/b><\/p>\n<p><img loading=\"lazy\" decoding=\"async\" class=\"size-large wp-image-811 aligncenter\" src=\"http:\/\/wp.genussfreundin.de\/wp-content\/uploads\/2016\/06\/DSC_6226SW_DxO-1024x685.jpg\" alt=\"DSC_6226SW_DxO\" width=\"640\" height=\"428\" srcset=\"https:\/\/genussfreundinnen.de\/wp-content\/uploads\/2016\/06\/DSC_6226SW_DxO-1024x685.jpg 1024w, https:\/\/genussfreundinnen.de\/wp-content\/uploads\/2016\/06\/DSC_6226SW_DxO-300x201.jpg 300w, https:\/\/genussfreundinnen.de\/wp-content\/uploads\/2016\/06\/DSC_6226SW_DxO-768x514.jpg 768w, https:\/\/genussfreundinnen.de\/wp-content\/uploads\/2016\/06\/DSC_6226SW_DxO-730x487.jpg 730w, https:\/\/genussfreundinnen.de\/wp-content\/uploads\/2016\/06\/DSC_6226SW_DxO-403x270.jpg 403w, https:\/\/genussfreundinnen.de\/wp-content\/uploads\/2016\/06\/DSC_6226SW_DxO.jpg 1600w\" sizes=\"auto, (max-width: 640px) 100vw, 640px\" \/><\/p>\n<p>Demn\u00e4chst stellen wir euch noch eine herzhafte Variante vor. Wir experimentieren noch mit verschiedenem Gem\u00fcse. Lasst euch \u00fcberraschen. Bis dahin w\u00fcnschen wir euch auch einen s\u00fc\u00dfen und hoffentlich bald auch sonnigen Sommer.<\/p>\n<p><img loading=\"lazy\" decoding=\"async\" class=\"size-large wp-image-813 aligncenter\" src=\"http:\/\/wp.genussfreundin.de\/wp-content\/uploads\/2016\/06\/DSC_6233SW_DxO-1024x685.jpg\" alt=\"DSC_6233SW_DxO\" width=\"640\" height=\"428\" srcset=\"https:\/\/genussfreundinnen.de\/wp-content\/uploads\/2016\/06\/DSC_6233SW_DxO-1024x685.jpg 1024w, https:\/\/genussfreundinnen.de\/wp-content\/uploads\/2016\/06\/DSC_6233SW_DxO-300x201.jpg 300w, https:\/\/genussfreundinnen.de\/wp-content\/uploads\/2016\/06\/DSC_6233SW_DxO-768x514.jpg 768w, https:\/\/genussfreundinnen.de\/wp-content\/uploads\/2016\/06\/DSC_6233SW_DxO-730x487.jpg 730w, https:\/\/genussfreundinnen.de\/wp-content\/uploads\/2016\/06\/DSC_6233SW_DxO-403x270.jpg 403w, https:\/\/genussfreundinnen.de\/wp-content\/uploads\/2016\/06\/DSC_6233SW_DxO.jpg 1600w\" sizes=\"auto, (max-width: 640px) 100vw, 640px\" \/><\/p>\n ","protected":false},"excerpt":{"rendered":"<p>Pfitzauf, ein fast vergessener schw\u00e4bischer Klassiker. In Stuttgart hat sich der Sommer wieder gut versteckt, es regnet bereits den ganzen Tag- immerhin das ideale Wetter f\u00fcr Experimente in der K\u00fcche. Da wir gestern jedoch auf dem foodblogday in Frankfurt waren und niemand eingekauft hat, ist der K\u00fchlschrank ziemlich leer. F\u00fcr Pfitzauf reichen die Vorr\u00e4te meist. Braucht man doch nur Mehl, Milch, Eier und etwas Butter. Die typischen Pfitzauf Formen waren fr\u00fcher in jedem schw\u00e4bischen Haushalt zu finden. Heute sind Pfitzauf&#8230;<\/p>\n<p class=\"read-more\"><a class=\"btn btn-default\" href=\"https:\/\/genussfreundinnen.de\/?p=820\">Weiterlesen<span class=\"screen-reader-text\"> Weiterlesen<\/span><\/a><\/p>\n","protected":false},"author":2,"featured_media":816,"comment_status":"open","ping_status":"open","sticky":false,"template":"","format":"image","meta":{"footnotes":""},"categories":[25,37],"tags":[22,49,42],"class_list":["post-820","post","type-post","status-publish","format-image","has-post-thumbnail","hentry","category-backen","category-schwaebisch","tag-backen","tag-pfitzauf","tag-schwaebisch","post_format-post-format-image"],"_links":{"self":[{"href":"https:\/\/genussfreundinnen.de\/index.php?rest_route=\/wp\/v2\/posts\/820","targetHints":{"allow":["GET"]}}],"collection":[{"href":"https:\/\/genussfreundinnen.de\/index.php?rest_route=\/wp\/v2\/posts"}],"about":[{"href":"https:\/\/genussfreundinnen.de\/index.php?rest_route=\/wp\/v2\/types\/post"}],"author":[{"embeddable":true,"href":"https:\/\/genussfreundinnen.de\/index.php?rest_route=\/wp\/v2\/users\/2"}],"replies":[{"embeddable":true,"href":"https:\/\/genussfreundinnen.de\/index.php?rest_route=%2Fwp%2Fv2%2Fcomments&post=820"}],"version-history":[{"count":4,"href":"https:\/\/genussfreundinnen.de\/index.php?rest_route=\/wp\/v2\/posts\/820\/revisions"}],"predecessor-version":[{"id":824,"href":"https:\/\/genussfreundinnen.de\/index.php?rest_route=\/wp\/v2\/posts\/820\/revisions\/824"}],"wp:featuredmedia":[{"embeddable":true,"href":"https:\/\/genussfreundinnen.de\/index.php?rest_route=\/wp\/v2\/media\/816"}],"wp:attachment":[{"href":"https:\/\/genussfreundinnen.de\/index.php?rest_route=%2Fwp%2Fv2%2Fmedia&parent=820"}],"wp:term":[{"taxonomy":"category","embeddable":true,"href":"https:\/\/genussfreundinnen.de\/index.php?rest_route=%2Fwp%2Fv2%2Fcategories&post=820"},{"taxonomy":"post_tag","embeddable":true,"href":"https:\/\/genussfreundinnen.de\/index.php?rest_route=%2Fwp%2Fv2%2Ftags&post=820"}],"curies":[{"name":"wp","href":"https:\/\/api.w.org\/{rel}","templated":true}]}}