{"id":2650,"date":"2017-01-30T18:30:39","date_gmt":"2017-01-30T18:30:39","guid":{"rendered":"http:\/\/www.genussfreundinnen.de\/?p=2650"},"modified":"2017-01-30T18:31:17","modified_gmt":"2017-01-30T18:31:17","slug":"fenchel-und-orange-schmeckt-das","status":"publish","type":"post","link":"https:\/\/genussfreundinnen.de\/?p=2650","title":{"rendered":"Fenchel und Orange &#8211; schmeckt das???"},"content":{"rendered":"<p>Ja! Wider Erwarten harmonieren die Beiden sehr gut miteinander. Lange haben wir \u00fcberlegt, was es als Vorspeise in unserem Orangen-Men\u00fc geben sollte. Nach langem Hin und Her\u00a0und ausf\u00fchrlichem \u00a0W\u00fchlen in unseren gesammelten Rezepten, fiel die Wahl auf &#8222;Frittiertes Ei mit Fenchel und Orange&#8220;. Eine aufw\u00e4ndige Vorspeise, die den Zeitaufwand und den Frittiergeruch in der Wohnung aber\u00a0in jedem Fall wert ist. Der Fenchel wird auf zwei verschiedene Arten zubereitet: einmal als P\u00fcree und einmal scharf angebraten. Das wachsweich gekochte Ei, wird noch paniert und dann frittiert.<\/p>\n<p><img loading=\"lazy\" decoding=\"async\" class=\"aligncenter size-large wp-image-2637\" src=\"http:\/\/wp.genussfreundin.de\/wp-content\/uploads\/2017\/01\/DSC1674_DxO-1024x684.jpg\" alt=\"\" width=\"640\" height=\"428\" srcset=\"https:\/\/genussfreundinnen.de\/wp-content\/uploads\/2017\/01\/DSC1674_DxO-1024x684.jpg 1024w, https:\/\/genussfreundinnen.de\/wp-content\/uploads\/2017\/01\/DSC1674_DxO-300x200.jpg 300w, https:\/\/genussfreundinnen.de\/wp-content\/uploads\/2017\/01\/DSC1674_DxO-768x513.jpg 768w, https:\/\/genussfreundinnen.de\/wp-content\/uploads\/2017\/01\/DSC1674_DxO-730x487.jpg 730w, https:\/\/genussfreundinnen.de\/wp-content\/uploads\/2017\/01\/DSC1674_DxO-404x270.jpg 404w, https:\/\/genussfreundinnen.de\/wp-content\/uploads\/2017\/01\/DSC1674_DxO.jpg 1600w\" sizes=\"auto, (max-width: 640px) 100vw, 640px\" \/><\/p>\n<p>Hier ist\u00a0wirklich etwas Geduld und Fingerspitzengef\u00fchl gefordert. L\u00e4sst sich das wachsweiche Ei doch nur widerwillig sch\u00e4len und anschlie\u00dfend auch noch panieren. Unbedingt eine Sch\u00fcssel mit Eiswasser bereit stellen und die Eier nach dem Kochen sofort in diesem abschrecken. Am besten auch 1 oder 2 Eier mehr kochen-ein bisschen Schwund wird in jedem Fall dabei sein&#8230; Das Rezept ist f\u00fcr 6 Personen gerechnet und ihr solltet unbedingt etwa 1,5 Stunden f\u00fcr die Zubereitung einplanen.<\/p>\n<p>Insgesamt ben\u00f6tigt ihr: <strong>2-3 Fenchelknollen (etwa 650g), 8\u00a0ganze Mandeln ungesch\u00e4lt, 6\u00a0Eier, 1 Orange, Milch, Frittiermehl oder Reismehl, Erdnuss\u00f6l<\/strong> zum Frittieren (mind. 1 Liter), Oliven\u00f6l. 2\/3 des Fenchels in W\u00fcrfel schneiden, den Rest in schmale Streifen. Das Gr\u00fcn des Fenchels aufbewahren.<\/p>\n<ul>\n<li>Die W\u00fcrfel mit dem Gr\u00fcn in einen Topf geben, mit Milch bedecken und mit 1 Prise Salz w\u00fcrzen. Zum Kochen bringen und 20 Minuten garen lassen, anschlie\u00dfend p\u00fcrieren und nochmals abschmecken.<\/li>\n<li>Die Orange filetieren und den Saft auffangen. Filets in kleine St\u00fccke schneiden.<\/li>\n<li>Die Fenchelscheiben mit Oliven\u00f6l einige Minuten anbraten und mit dem Orangensaft betr\u00e4ufeln.<\/li>\n<li>Die Eier 4 Minuten kochen und im Eiswasser abschrecken und pellen.<\/li>\n<li>2 Eier in kleiner Sch\u00fcssel verquirlen \u00a0und eine Sch\u00fcssel mit dem Frittiermehl bereit stellen. Die Eier zuerst im fl\u00fcssigen Ei, dann im Mehl wenden<\/li>\n<li>Das Erdnuss\u00f6l erhitzen (180 Grad) und die Eier goldgelb ausbacken.<\/li>\n<li>Fenchelp\u00fcree, Fenschelscheiben und Orangenst\u00fccke anrichten, das Ei in die Mitte setzen, die Mandel halbieren und dar\u00fcber streuen.<\/li>\n<\/ul>\n<p>Guten Appetit!<\/p>\n<p><img loading=\"lazy\" decoding=\"async\" class=\"aligncenter size-large wp-image-2640\" src=\"http:\/\/wp.genussfreundin.de\/wp-content\/uploads\/2017\/01\/DSC1698_DxO-1024x783.jpg\" alt=\"\" width=\"640\" height=\"489\" srcset=\"https:\/\/genussfreundinnen.de\/wp-content\/uploads\/2017\/01\/DSC1698_DxO-1024x783.jpg 1024w, https:\/\/genussfreundinnen.de\/wp-content\/uploads\/2017\/01\/DSC1698_DxO-300x230.jpg 300w, https:\/\/genussfreundinnen.de\/wp-content\/uploads\/2017\/01\/DSC1698_DxO-768x588.jpg 768w, https:\/\/genussfreundinnen.de\/wp-content\/uploads\/2017\/01\/DSC1698_DxO-353x270.jpg 353w, https:\/\/genussfreundinnen.de\/wp-content\/uploads\/2017\/01\/DSC1698_DxO.jpg 1600w\" sizes=\"auto, (max-width: 640px) 100vw, 640px\" \/><\/p>\n ","protected":false},"excerpt":{"rendered":"<p>Ja! Wider Erwarten harmonieren die Beiden sehr gut miteinander. Lange haben wir \u00fcberlegt, was es als Vorspeise in unserem Orangen-Men\u00fc geben sollte. Nach langem Hin und Her\u00a0und ausf\u00fchrlichem \u00a0W\u00fchlen in unseren gesammelten Rezepten, fiel die Wahl auf &#8222;Frittiertes Ei mit Fenchel und Orange&#8220;. Eine aufw\u00e4ndige Vorspeise, die den Zeitaufwand und den Frittiergeruch in der Wohnung aber\u00a0in jedem Fall wert ist. Der Fenchel wird auf zwei verschiedene Arten zubereitet: einmal als P\u00fcree und einmal scharf angebraten. Das wachsweich gekochte Ei, wird&#8230;<\/p>\n<p class=\"read-more\"><a class=\"btn btn-default\" href=\"https:\/\/genussfreundinnen.de\/?p=2650\">Weiterlesen<span class=\"screen-reader-text\"> Weiterlesen<\/span><\/a><\/p>\n","protected":false},"author":2,"featured_media":2644,"comment_status":"open","ping_status":"open","sticky":false,"template":"","format":"image","meta":{"footnotes":""},"categories":[8],"tags":[27,108,109,107],"class_list":["post-2650","post","type-post","status-publish","format-image","has-post-thumbnail","hentry","category-essentrinken","tag-antipasti","tag-fenchel","tag-orange","tag-vorspeise","post_format-post-format-image"],"_links":{"self":[{"href":"https:\/\/genussfreundinnen.de\/index.php?rest_route=\/wp\/v2\/posts\/2650","targetHints":{"allow":["GET"]}}],"collection":[{"href":"https:\/\/genussfreundinnen.de\/index.php?rest_route=\/wp\/v2\/posts"}],"about":[{"href":"https:\/\/genussfreundinnen.de\/index.php?rest_route=\/wp\/v2\/types\/post"}],"author":[{"embeddable":true,"href":"https:\/\/genussfreundinnen.de\/index.php?rest_route=\/wp\/v2\/users\/2"}],"replies":[{"embeddable":true,"href":"https:\/\/genussfreundinnen.de\/index.php?rest_route=%2Fwp%2Fv2%2Fcomments&post=2650"}],"version-history":[{"count":2,"href":"https:\/\/genussfreundinnen.de\/index.php?rest_route=\/wp\/v2\/posts\/2650\/revisions"}],"predecessor-version":[{"id":2653,"href":"https:\/\/genussfreundinnen.de\/index.php?rest_route=\/wp\/v2\/posts\/2650\/revisions\/2653"}],"wp:featuredmedia":[{"embeddable":true,"href":"https:\/\/genussfreundinnen.de\/index.php?rest_route=\/wp\/v2\/media\/2644"}],"wp:attachment":[{"href":"https:\/\/genussfreundinnen.de\/index.php?rest_route=%2Fwp%2Fv2%2Fmedia&parent=2650"}],"wp:term":[{"taxonomy":"category","embeddable":true,"href":"https:\/\/genussfreundinnen.de\/index.php?rest_route=%2Fwp%2Fv2%2Fcategories&post=2650"},{"taxonomy":"post_tag","embeddable":true,"href":"https:\/\/genussfreundinnen.de\/index.php?rest_route=%2Fwp%2Fv2%2Ftags&post=2650"}],"curies":[{"name":"wp","href":"https:\/\/api.w.org\/{rel}","templated":true}]}}