{"id":2469,"date":"2016-11-19T06:52:00","date_gmt":"2016-11-19T06:52:00","guid":{"rendered":"http:\/\/www.genussfreundinnen.de\/?p=2469"},"modified":"2016-11-30T13:44:18","modified_gmt":"2016-11-30T13:44:18","slug":"suesses-und-salziges-vom-blech","status":"publish","type":"post","link":"https:\/\/genussfreundinnen.de\/?p=2469","title":{"rendered":"S\u00fc\u00dfes und Salziges vom Blech"},"content":{"rendered":"<p>Pl\u00e4tzchen, die zun\u00e4chst als Ganzes auf dem Blech gebacken und anschlie\u00dfend in St\u00fccke geschnitten werden, sind eine wenig zeitaufw\u00e4ndige Variante und f\u00fcr alle wunderbar geeignet, die nicht sehr viel Geduld mitbringen beim Ausstechen und Verzieren von filigranen Formen und Figuren. Nussecken, ein Klassiker, kennen alle, wir haben zwei Abwandlungen\u00a0gebacken &#8211; einmal mit einem s\u00fc\u00dfen und einmal mit einem leicht salzigen Belag. H\u00f6rt sich zun\u00e4chst seltsam an, doch die Kombination Karamell mit einer salzigen Komponente begegnet einem inzwischen in vielen Rezepten und es schmeckt einfach wunderbar.<\/p>\n<p><img loading=\"lazy\" decoding=\"async\" class=\"size-large wp-image-2437 aligncenter\" src=\"http:\/\/wp.genussfreundin.de\/wp-content\/uploads\/2016\/11\/DSC_9868_DxO-1024x685.jpg\" alt=\"dsc_9868_dxo\" width=\"640\" height=\"428\" srcset=\"https:\/\/genussfreundinnen.de\/wp-content\/uploads\/2016\/11\/DSC_9868_DxO-1024x685.jpg 1024w, https:\/\/genussfreundinnen.de\/wp-content\/uploads\/2016\/11\/DSC_9868_DxO-300x201.jpg 300w, https:\/\/genussfreundinnen.de\/wp-content\/uploads\/2016\/11\/DSC_9868_DxO-768x514.jpg 768w, https:\/\/genussfreundinnen.de\/wp-content\/uploads\/2016\/11\/DSC_9868_DxO-730x487.jpg 730w, https:\/\/genussfreundinnen.de\/wp-content\/uploads\/2016\/11\/DSC_9868_DxO-403x270.jpg 403w, https:\/\/genussfreundinnen.de\/wp-content\/uploads\/2016\/11\/DSC_9868_DxO.jpg 1600w\" sizes=\"auto, (max-width: 640px) 100vw, 640px\" \/><\/p>\n<p>F\u00fcr die <span style=\"color: #ff0000;\">Mandel-Walnuss-Pl\u00e4tzchen<\/span> werden <strong>250 g zimmerwarme Butter mit 80 g Puderzucker und 1 Prise Salz verknetet (am besten K\u00fcchenmaschine). 2 Eier unterarbeiten. 500 g Mehl und 4 EL eiskaltes Wasser<\/strong> dazugeben und weiter kneten bis ein glatter, elastischer Teig entstanden ist. Diesen\u00a0zu einem flachen Rechteck formen und in Folie gewickelt f\u00fcr mindestens 2 Stunden kalt stellen.\u00a0Den Teig auf einem mit Backpapier ausgelegten Blech bis zum Rand ausrollen und mit einer Gabel mehrmals einstechen. Bei 200 Grad in 15 &#8211; 17 Minuten goldbraun backen.\u00a0F\u00fcr den Belag werden\u00a0<strong>100 g Walnusskerne grob gehackt. 120 g Butter, 80 g Akazienhonig, 8 EL Schlagsahne, 4 EL Orangensaft und 200 g Zucker aufkochen, 200 g Mandelstifte<\/strong> und die Waln\u00fcsse unterr\u00fchren und erneut kurz aufkochen lassen. Den gebackenen Teig mit\u00a0<strong>150 g fruchtiger Orangenmarmelade<\/strong> bestreichen und die Mandel-Walnuss-Masse gleichm\u00e4\u00dfig darauf verteilen. Weitere 13 &#8211; 15 Minuten backen und auf dem Blech ausk\u00fchlen lassen.\u00a0Die Teigplatte mit einem scharfen Messer in Rechtecke schneiden. 100 g dunkle Kuvert\u00fcre \u00fcber dem hei\u00dfen Wasserbad schmelzen und mit einem L\u00f6ffel d\u00fcnne F\u00e4den \u00fcber die Pl\u00e4tzchen tr\u00e4ufeln und fest werden lassen.<\/p>\n<p><img loading=\"lazy\" decoding=\"async\" class=\"size-large wp-image-2418 aligncenter\" src=\"http:\/\/wp.genussfreundin.de\/wp-content\/uploads\/2016\/11\/DSC_9796_DxO-1024x685.jpg\" alt=\"dsc_9796_dxo\" width=\"640\" height=\"428\" srcset=\"https:\/\/genussfreundinnen.de\/wp-content\/uploads\/2016\/11\/DSC_9796_DxO-1024x685.jpg 1024w, https:\/\/genussfreundinnen.de\/wp-content\/uploads\/2016\/11\/DSC_9796_DxO-300x201.jpg 300w, https:\/\/genussfreundinnen.de\/wp-content\/uploads\/2016\/11\/DSC_9796_DxO-768x514.jpg 768w, https:\/\/genussfreundinnen.de\/wp-content\/uploads\/2016\/11\/DSC_9796_DxO-730x487.jpg 730w, https:\/\/genussfreundinnen.de\/wp-content\/uploads\/2016\/11\/DSC_9796_DxO-403x270.jpg 403w, https:\/\/genussfreundinnen.de\/wp-content\/uploads\/2016\/11\/DSC_9796_DxO.jpg 1600w\" sizes=\"auto, (max-width: 640px) 100vw, 640px\" \/><\/p>\n<p>Die lecker salzigen <span style=\"color: #ff0000;\">Erdnuss-Karamell-Pl\u00e4tzchen<\/span> funktionieren nach dem gleichen Prinzip &#8211; zun\u00e4chst wird der Teig vorgebacken und dann der Belag aufgebracht und anschlie\u00dfend fertig gebacken. Hier werden <strong>300g zimmerwarme Butter (in St\u00fcckchen), das Mark einer Vanilleschote, 150g Zucker und 1 Prise Salz in der K\u00fcchenmaschine vermischt, 400g Mehl<\/strong> dazugeben und weiterkneten, bis ein glatter Teig entstanden ist. Zu einem flachen Rechteck formen und in Folie gewickelt mindestens eine Stunde im K\u00fchlschrank ruhen lassen. In der Zwischenzeit f\u00fcr den Belag <strong>300g Sahne, 150g brauner Zucker, 1\/4 Teel\u00f6ffel Salz, 1\/4 Teel\u00f6ffel Chiliflocken und 150 ml milder fl\u00fcssiger Honig<\/strong> aufkochen und unter R\u00fchren 5 Minuten bei starker Hitze kochen lassen. Jetzt <strong>450g gesalzene Erdn\u00fcsse und 45g weiche Butter<\/strong> dazugeben und weitere 5 Minuten kochen lassen, in eine Sch\u00fcssel umf\u00fcllen und abk\u00fchlen lassen. Ab und zu vorsichtig umr\u00fchren. Den Teig auf einem Backblech ausrollen, mit einer Gabel mehrmals einstechen und bei 200 Grad in 15 &#8211; 17 Minuten goldbraun backen. Die Masse darauf streichen und weitere 15 Minuten backen. Auf dem Blech abk\u00fchlen lassen und mit einem sehr scharfen Messer in St\u00fccke schneiden.<\/p>\n<p><img loading=\"lazy\" decoding=\"async\" class=\"size-large wp-image-2424 aligncenter\" src=\"http:\/\/wp.genussfreundin.de\/wp-content\/uploads\/2016\/11\/DSC_9808_DxO-1024x685.jpg\" alt=\"dsc_9808_dxo\" width=\"640\" height=\"428\" srcset=\"https:\/\/genussfreundinnen.de\/wp-content\/uploads\/2016\/11\/DSC_9808_DxO-1024x685.jpg 1024w, https:\/\/genussfreundinnen.de\/wp-content\/uploads\/2016\/11\/DSC_9808_DxO-300x201.jpg 300w, https:\/\/genussfreundinnen.de\/wp-content\/uploads\/2016\/11\/DSC_9808_DxO-768x514.jpg 768w, https:\/\/genussfreundinnen.de\/wp-content\/uploads\/2016\/11\/DSC_9808_DxO-730x487.jpg 730w, https:\/\/genussfreundinnen.de\/wp-content\/uploads\/2016\/11\/DSC_9808_DxO-403x270.jpg 403w, https:\/\/genussfreundinnen.de\/wp-content\/uploads\/2016\/11\/DSC_9808_DxO.jpg 1600w\" sizes=\"auto, (max-width: 640px) 100vw, 640px\" \/><\/p>\n<p>Ob ihr die Pl\u00e4tzchen in Quadrate, Rechtecke, Streifen oder Dreiecke schneidet bleibt allein eurer Fantasie \u00fcberlassen, wichtig ist nur, dass ihr ein sehr scharfes Messer benutzt und die Masse deutlich abgek\u00fchlt und ausgeh\u00e4rtet sein muss.<\/p>\n<p>Gutes Gelingen!<\/p>\n ","protected":false},"excerpt":{"rendered":"<p>Pl\u00e4tzchen, die zun\u00e4chst als Ganzes auf dem Blech gebacken und anschlie\u00dfend in St\u00fccke geschnitten werden, sind eine wenig zeitaufw\u00e4ndige Variante und f\u00fcr alle wunderbar geeignet, die nicht sehr viel Geduld mitbringen beim Ausstechen und Verzieren von filigranen Formen und Figuren. Nussecken, ein Klassiker, kennen alle, wir haben zwei Abwandlungen\u00a0gebacken &#8211; einmal mit einem s\u00fc\u00dfen und einmal mit einem leicht salzigen Belag. H\u00f6rt sich zun\u00e4chst seltsam an, doch die Kombination Karamell mit einer salzigen Komponente begegnet einem inzwischen in vielen Rezepten&#8230;<\/p>\n<p class=\"read-more\"><a class=\"btn btn-default\" href=\"https:\/\/genussfreundinnen.de\/?p=2469\">Weiterlesen<span class=\"screen-reader-text\"> Weiterlesen<\/span><\/a><\/p>\n","protected":false},"author":3,"featured_media":2435,"comment_status":"open","ping_status":"open","sticky":false,"template":"","format":"image","meta":{"footnotes":""},"categories":[25,92],"tags":[94,22,18,97],"class_list":["post-2469","post","type-post","status-publish","format-image","has-post-thumbnail","hentry","category-backen","category-weihnachten","tag-advent","tag-backen","tag-plaetzchen","tag-weihnachtsplaetzchen","post_format-post-format-image"],"_links":{"self":[{"href":"https:\/\/genussfreundinnen.de\/index.php?rest_route=\/wp\/v2\/posts\/2469","targetHints":{"allow":["GET"]}}],"collection":[{"href":"https:\/\/genussfreundinnen.de\/index.php?rest_route=\/wp\/v2\/posts"}],"about":[{"href":"https:\/\/genussfreundinnen.de\/index.php?rest_route=\/wp\/v2\/types\/post"}],"author":[{"embeddable":true,"href":"https:\/\/genussfreundinnen.de\/index.php?rest_route=\/wp\/v2\/users\/3"}],"replies":[{"embeddable":true,"href":"https:\/\/genussfreundinnen.de\/index.php?rest_route=%2Fwp%2Fv2%2Fcomments&post=2469"}],"version-history":[{"count":10,"href":"https:\/\/genussfreundinnen.de\/index.php?rest_route=\/wp\/v2\/posts\/2469\/revisions"}],"predecessor-version":[{"id":2547,"href":"https:\/\/genussfreundinnen.de\/index.php?rest_route=\/wp\/v2\/posts\/2469\/revisions\/2547"}],"wp:featuredmedia":[{"embeddable":true,"href":"https:\/\/genussfreundinnen.de\/index.php?rest_route=\/wp\/v2\/media\/2435"}],"wp:attachment":[{"href":"https:\/\/genussfreundinnen.de\/index.php?rest_route=%2Fwp%2Fv2%2Fmedia&parent=2469"}],"wp:term":[{"taxonomy":"category","embeddable":true,"href":"https:\/\/genussfreundinnen.de\/index.php?rest_route=%2Fwp%2Fv2%2Fcategories&post=2469"},{"taxonomy":"post_tag","embeddable":true,"href":"https:\/\/genussfreundinnen.de\/index.php?rest_route=%2Fwp%2Fv2%2Ftags&post=2469"}],"curies":[{"name":"wp","href":"https:\/\/api.w.org\/{rel}","templated":true}]}}